{"id":343802,"date":"2026-04-21T11:22:34","date_gmt":"2026-04-21T09:22:34","guid":{"rendered":"https:\/\/www.blaudental.de\/?p=343802"},"modified":"2026-04-21T11:27:24","modified_gmt":"2026-04-21T09:27:24","slug":"naeher-am-kunden-gruendung-der-neuen-nsk-schweiz-ag","status":"publish","type":"post","link":"https:\/\/www.blaudental.de\/naeher-am-kunden-gruendung-der-neuen-nsk-schweiz-ag\/","title":{"rendered":"N\u00e4her am Kunden: Gr\u00fcndung der neuen NSK Schweiz AG"},"content":{"rendered":"\n<p><strong>Die NSK Nakanishi Inc. st\u00e4rkt ihre globale Pr\u00e4senz mit der Gr\u00fcndung der NSK Schweiz AG.<\/strong><\/p>\n\n\n\n<p>Als 17. Niederlassung der Nakanishi Inc. setzt der Traditionshersteller NSK damit ein klares Zeichen f\u00fcr Kundenn\u00e4he und Servicequalit\u00e4t im Schweizer Markt. Gef\u00fchrt wird die neue Gesellschaft von Marko Vranjic, der als Gesch\u00e4ftsf\u00fchrer und Verwaltungsrat Verantwortung \u00fcbernimmt. CEO Eiichi Nakanishi, Vertreter der Gr\u00fcnderfamilie in dritter Generation, freut sich \u00fcber die strategische Expansion: \u201eDie Schweiz ist ein Schl\u00fcsselmarkt mit h\u00f6chsten Qualit\u00e4tsanspr\u00fcchen\u201c Gemeinsam verfolgen Eiichi Nakanishi und Marko Vranjic das Ziel, die Schweizer Kundschaft konsequent ins Zentrum aller Produktl\u00f6sungen zu stellen \u2013 mit schnellem Reparatur- und Servicemanagement, kompetenter Beratung f\u00fcr Speziall\u00f6sungen sowie praxisnaher Weiterbildung moderner Behandlungsm\u00f6glichkeiten.<\/p>\n\n\n\n<p><strong>\u00dcber NSK <\/strong><\/p>\n\n\n\n<p>NSK ist ein Hersteller dentaler Instrumente und Ger\u00e4te f\u00fcr die Bereiche restaurative und pr\u00e4ventive Zahnheilkunde, Parodontologie, Oralchirurgie, Wiederaufbereitung sowie mobile Zahnheilkunde. Seit der Gr\u00fcndung im Jahr 1930 hat sich NSK vor allem dank seiner Kernkompetenz in der Hochgeschwindigkeitsrotation mit leistungsf\u00e4higen und wegweisenden Dentalinstrumenten einen Namen gemacht. NSK ist mit Dentalprodukten in 136 L\u00e4ndern pr\u00e4sent und h\u00e4lt damit die weltweite Spitzenposition auf dem Markt der Rotationsinstrumente f\u00fcr die Zahnmedizin. Die Bed\u00fcrfnisse der Zahn\u00e4rzte, Zahntechniker und Dentalhygiene-Spezialisten stets im Blick, entwickelt und produziert NSK hervorragende Instrumente und Ger\u00e4te wie zum Beispiel Handst\u00fccke, Winkelst\u00fccke, Turbineninstrumente, Mikromotoren, mobile Behandlungseinheiten sowie Chirurgie- und Prophylaxeger\u00e4te.<\/p>\n\n\n\n<figure class=\"wp-block-image size-full is-resized\"><img loading=\"lazy\" decoding=\"async\" width=\"1920\" height=\"2560\" src=\"https:\/\/www.blaudental.de\/wp-content\/uploads\/2026\/04\/E_Nakanishi_M_Vranjik-scaled.jpg\" alt=\"\" class=\"wp-image-343803\" style=\"aspect-ratio:0.7500040132920232;width:471px;height:auto\" \/><\/figure>\n\n\n\n<p><strong>NSK Schweiz AG &#8211; Postfach 8902 &#8211; Urdorf &#8211; info@nsk-swiss.ch<\/strong><\/p>\n\n\n\n<p><\/p>\n","protected":false},"excerpt":{"rendered":"<p>Die NSK Nakanishi Inc. st\u00e4rkt ihre globale Pr\u00e4senz mit der Gr\u00fcndung der NSK Schweiz AG<\/p>\n","protected":false},"author":3,"featured_media":0,"comment_status":"closed","ping_status":"closed","sticky":false,"template":"","format":"standard","meta":{"footnotes":""},"categories":[370,460,373],"tags":[],"class_list":["post-343802","post","type-post","status-publish","format-standard","hentry","category-boersen","category-dentalmarkt","category-geraeteboerse"],"yoast_head":"<!-- This site is optimized with the Yoast SEO plugin v27.4 - https:\/\/yoast.com\/product\/yoast-seo-wordpress\/ -->\n<title>N\u00e4her am Kunden: Gr\u00fcndung der neuen NSK Schweiz AG - blaudental<\/title>\n<meta name=\"robots\" content=\"index, follow, max-snippet:-1, max-image-preview:large, max-video-preview:-1\" \/>\n<link rel=\"canonical\" href=\"https:\/\/www.blaudental.de\/naeher-am-kunden-gruendung-der-neuen-nsk-schweiz-ag\/\" \/>\n<meta property=\"og:locale\" content=\"de_DE\" \/>\n<meta property=\"og:type\" content=\"article\" \/>\n<meta property=\"og:title\" content=\"N\u00e4her am Kunden: Gr\u00fcndung der neuen NSK Schweiz AG - blaudental\" \/>\n<meta property=\"og:description\" content=\"Die NSK Nakanishi Inc. st\u00e4rkt ihre globale Pr\u00e4senz mit der Gr\u00fcndung der NSK Schweiz AG\" \/>\n<meta property=\"og:url\" content=\"https:\/\/www.blaudental.de\/naeher-am-kunden-gruendung-der-neuen-nsk-schweiz-ag\/\" \/>\n<meta property=\"og:site_name\" content=\"blaudental\" \/>\n<meta property=\"article:publisher\" content=\"https:\/\/www.facebook.com\/blaudental.de\" \/>\n<meta property=\"article:published_time\" content=\"2026-04-21T09:22:34+00:00\" \/>\n<meta property=\"article:modified_time\" content=\"2026-04-21T09:27:24+00:00\" \/>\n<meta property=\"og:image\" content=\"https:\/\/www.blaudental.de\/wp-content\/uploads\/2026\/04\/E_Nakanishi_M_Vranjik-scaled.jpg\" \/>\n\t<meta property=\"og:image:width\" content=\"1920\" \/>\n\t<meta property=\"og:image:height\" content=\"2560\" \/>\n\t<meta property=\"og:image:type\" content=\"image\/jpeg\" \/>\n<meta name=\"author\" content=\"Tobias R\u00fccker\" \/>\n<meta name=\"twitter:card\" content=\"summary_large_image\" \/>\n<meta name=\"twitter:creator\" content=\"@blaudental\" \/>\n<meta name=\"twitter:site\" content=\"@blaudental\" \/>\n<meta name=\"twitter:label1\" content=\"Verfasst von\" \/>\n\t<meta name=\"twitter:data1\" content=\"Tobias R\u00fccker\" \/>\n\t<meta name=\"twitter:label2\" content=\"Gesch\u00e4tzte Lesezeit\" \/>\n\t<meta name=\"twitter:data2\" content=\"2\u00a0Minuten\" \/>\n<script type=\"application\/ld+json\" class=\"yoast-schema-graph\">{\"@context\":\"https:\\\/\\\/schema.org\",\"@graph\":[{\"@type\":\"Article\",\"@id\":\"https:\\\/\\\/www.blaudental.de\\\/naeher-am-kunden-gruendung-der-neuen-nsk-schweiz-ag\\\/#article\",\"isPartOf\":{\"@id\":\"https:\\\/\\\/www.blaudental.de\\\/naeher-am-kunden-gruendung-der-neuen-nsk-schweiz-ag\\\/\"},\"author\":{\"name\":\"Tobias R\u00fccker\",\"@id\":\"https:\\\/\\\/www.blaudental.de\\\/#\\\/schema\\\/person\\\/7baeb517b5b8c11761cfd4e6ec610088\"},\"headline\":\"N\u00e4her am Kunden: Gr\u00fcndung der neuen NSK Schweiz AG\",\"datePublished\":\"2026-04-21T09:22:34+00:00\",\"dateModified\":\"2026-04-21T09:27:24+00:00\",\"mainEntityOfPage\":{\"@id\":\"https:\\\/\\\/www.blaudental.de\\\/naeher-am-kunden-gruendung-der-neuen-nsk-schweiz-ag\\\/\"},\"wordCount\":260,\"image\":{\"@id\":\"https:\\\/\\\/www.blaudental.de\\\/naeher-am-kunden-gruendung-der-neuen-nsk-schweiz-ag\\\/#primaryimage\"},\"thumbnailUrl\":\"https:\\\/\\\/www.blaudental.de\\\/wp-content\\\/uploads\\\/2026\\\/04\\\/E_Nakanishi_M_Vranjik-scaled.jpg\",\"articleSection\":[\"B\u00f6rsen\",\"Dentalmarkt\",\"Ger\u00e4teb\u00f6rse\"],\"inLanguage\":\"de\"},{\"@type\":\"WebPage\",\"@id\":\"https:\\\/\\\/www.blaudental.de\\\/naeher-am-kunden-gruendung-der-neuen-nsk-schweiz-ag\\\/\",\"url\":\"https:\\\/\\\/www.blaudental.de\\\/naeher-am-kunden-gruendung-der-neuen-nsk-schweiz-ag\\\/\",\"name\":\"N\u00e4her am Kunden: Gr\u00fcndung der neuen NSK Schweiz AG - blaudental\",\"isPartOf\":{\"@id\":\"https:\\\/\\\/www.blaudental.de\\\/#website\"},\"primaryImageOfPage\":{\"@id\":\"https:\\\/\\\/www.blaudental.de\\\/naeher-am-kunden-gruendung-der-neuen-nsk-schweiz-ag\\\/#primaryimage\"},\"image\":{\"@id\":\"https:\\\/\\\/www.blaudental.de\\\/naeher-am-kunden-gruendung-der-neuen-nsk-schweiz-ag\\\/#primaryimage\"},\"thumbnailUrl\":\"https:\\\/\\\/www.blaudental.de\\\/wp-content\\\/uploads\\\/2026\\\/04\\\/E_Nakanishi_M_Vranjik-scaled.jpg\",\"datePublished\":\"2026-04-21T09:22:34+00:00\",\"dateModified\":\"2026-04-21T09:27:24+00:00\",\"author\":{\"@id\":\"https:\\\/\\\/www.blaudental.de\\\/#\\\/schema\\\/person\\\/7baeb517b5b8c11761cfd4e6ec610088\"},\"breadcrumb\":{\"@id\":\"https:\\\/\\\/www.blaudental.de\\\/naeher-am-kunden-gruendung-der-neuen-nsk-schweiz-ag\\\/#breadcrumb\"},\"inLanguage\":\"de\",\"potentialAction\":[{\"@type\":\"ReadAction\",\"target\":[\"https:\\\/\\\/www.blaudental.de\\\/naeher-am-kunden-gruendung-der-neuen-nsk-schweiz-ag\\\/\"]}]},{\"@type\":\"ImageObject\",\"inLanguage\":\"de\",\"@id\":\"https:\\\/\\\/www.blaudental.de\\\/naeher-am-kunden-gruendung-der-neuen-nsk-schweiz-ag\\\/#primaryimage\",\"url\":\"https:\\\/\\\/www.blaudental.de\\\/wp-content\\\/uploads\\\/2026\\\/04\\\/E_Nakanishi_M_Vranjik-scaled.jpg\",\"contentUrl\":\"https:\\\/\\\/www.blaudental.de\\\/wp-content\\\/uploads\\\/2026\\\/04\\\/E_Nakanishi_M_Vranjik-scaled.jpg\",\"width\":1920,\"height\":2560},{\"@type\":\"BreadcrumbList\",\"@id\":\"https:\\\/\\\/www.blaudental.de\\\/naeher-am-kunden-gruendung-der-neuen-nsk-schweiz-ag\\\/#breadcrumb\",\"itemListElement\":[{\"@type\":\"ListItem\",\"position\":1,\"name\":\"Startseite\",\"item\":\"https:\\\/\\\/www.blaudental.de\\\/\"},{\"@type\":\"ListItem\",\"position\":2,\"name\":\"N\u00e4her am Kunden: Gr\u00fcndung der neuen NSK Schweiz AG\"}]},{\"@type\":\"WebSite\",\"@id\":\"https:\\\/\\\/www.blaudental.de\\\/#website\",\"url\":\"https:\\\/\\\/www.blaudental.de\\\/\",\"name\":\"blaudental\",\"description\":\"Die Verkaufs- und Vermittlungsplattform rund um den Zahn\",\"potentialAction\":[{\"@type\":\"SearchAction\",\"target\":{\"@type\":\"EntryPoint\",\"urlTemplate\":\"https:\\\/\\\/www.blaudental.de\\\/?s={search_term_string}\"},\"query-input\":{\"@type\":\"PropertyValueSpecification\",\"valueRequired\":true,\"valueName\":\"search_term_string\"}}],\"inLanguage\":\"de\"},{\"@type\":\"Person\",\"@id\":\"https:\\\/\\\/www.blaudental.de\\\/#\\\/schema\\\/person\\\/7baeb517b5b8c11761cfd4e6ec610088\",\"name\":\"Tobias R\u00fccker\",\"image\":{\"@type\":\"ImageObject\",\"inLanguage\":\"de\",\"@id\":\"https:\\\/\\\/secure.gravatar.com\\\/avatar\\\/9ecff3ca6ed1cca715dc07801699fd39c49ddf7df2596b6e7e922a2b14c9e98c?s=96&d=mm&r=g\",\"url\":\"https:\\\/\\\/secure.gravatar.com\\\/avatar\\\/9ecff3ca6ed1cca715dc07801699fd39c49ddf7df2596b6e7e922a2b14c9e98c?s=96&d=mm&r=g\",\"contentUrl\":\"https:\\\/\\\/secure.gravatar.com\\\/avatar\\\/9ecff3ca6ed1cca715dc07801699fd39c49ddf7df2596b6e7e922a2b14c9e98c?s=96&d=mm&r=g\",\"caption\":\"Tobias R\u00fccker\"},\"sameAs\":[\"https:\\\/\\\/www.blaudental.de\"],\"url\":\"https:\\\/\\\/www.blaudental.de\\\/author\\\/tobias-ruecker\\\/\"}]}<\/script>\n<!-- \/ Yoast SEO plugin. -->","yoast_head_json":{"title":"N\u00e4her am Kunden: Gr\u00fcndung der neuen NSK Schweiz AG - blaudental","robots":{"index":"index","follow":"follow","max-snippet":"max-snippet:-1","max-image-preview":"max-image-preview:large","max-video-preview":"max-video-preview:-1"},"canonical":"https:\/\/www.blaudental.de\/naeher-am-kunden-gruendung-der-neuen-nsk-schweiz-ag\/","og_locale":"de_DE","og_type":"article","og_title":"N\u00e4her am Kunden: Gr\u00fcndung der neuen NSK Schweiz AG - blaudental","og_description":"Die NSK Nakanishi Inc. st\u00e4rkt ihre globale Pr\u00e4senz mit der Gr\u00fcndung der NSK Schweiz AG","og_url":"https:\/\/www.blaudental.de\/naeher-am-kunden-gruendung-der-neuen-nsk-schweiz-ag\/","og_site_name":"blaudental","article_publisher":"https:\/\/www.facebook.com\/blaudental.de","article_published_time":"2026-04-21T09:22:34+00:00","article_modified_time":"2026-04-21T09:27:24+00:00","og_image":[{"width":1920,"height":2560,"url":"https:\/\/www.blaudental.de\/wp-content\/uploads\/2026\/04\/E_Nakanishi_M_Vranjik-scaled.jpg","type":"image\/jpeg"}],"author":"Tobias R\u00fccker","twitter_card":"summary_large_image","twitter_creator":"@blaudental","twitter_site":"@blaudental","twitter_misc":{"Verfasst von":"Tobias R\u00fccker","Gesch\u00e4tzte Lesezeit":"2\u00a0Minuten"},"schema":{"@context":"https:\/\/schema.org","@graph":[{"@type":"Article","@id":"https:\/\/www.blaudental.de\/naeher-am-kunden-gruendung-der-neuen-nsk-schweiz-ag\/#article","isPartOf":{"@id":"https:\/\/www.blaudental.de\/naeher-am-kunden-gruendung-der-neuen-nsk-schweiz-ag\/"},"author":{"name":"Tobias R\u00fccker","@id":"https:\/\/www.blaudental.de\/#\/schema\/person\/7baeb517b5b8c11761cfd4e6ec610088"},"headline":"N\u00e4her am Kunden: Gr\u00fcndung der neuen NSK Schweiz AG","datePublished":"2026-04-21T09:22:34+00:00","dateModified":"2026-04-21T09:27:24+00:00","mainEntityOfPage":{"@id":"https:\/\/www.blaudental.de\/naeher-am-kunden-gruendung-der-neuen-nsk-schweiz-ag\/"},"wordCount":260,"image":{"@id":"https:\/\/www.blaudental.de\/naeher-am-kunden-gruendung-der-neuen-nsk-schweiz-ag\/#primaryimage"},"thumbnailUrl":"https:\/\/www.blaudental.de\/wp-content\/uploads\/2026\/04\/E_Nakanishi_M_Vranjik-scaled.jpg","articleSection":["B\u00f6rsen","Dentalmarkt","Ger\u00e4teb\u00f6rse"],"inLanguage":"de"},{"@type":"WebPage","@id":"https:\/\/www.blaudental.de\/naeher-am-kunden-gruendung-der-neuen-nsk-schweiz-ag\/","url":"https:\/\/www.blaudental.de\/naeher-am-kunden-gruendung-der-neuen-nsk-schweiz-ag\/","name":"N\u00e4her am Kunden: Gr\u00fcndung der neuen NSK Schweiz AG - blaudental","isPartOf":{"@id":"https:\/\/www.blaudental.de\/#website"},"primaryImageOfPage":{"@id":"https:\/\/www.blaudental.de\/naeher-am-kunden-gruendung-der-neuen-nsk-schweiz-ag\/#primaryimage"},"image":{"@id":"https:\/\/www.blaudental.de\/naeher-am-kunden-gruendung-der-neuen-nsk-schweiz-ag\/#primaryimage"},"thumbnailUrl":"https:\/\/www.blaudental.de\/wp-content\/uploads\/2026\/04\/E_Nakanishi_M_Vranjik-scaled.jpg","datePublished":"2026-04-21T09:22:34+00:00","dateModified":"2026-04-21T09:27:24+00:00","author":{"@id":"https:\/\/www.blaudental.de\/#\/schema\/person\/7baeb517b5b8c11761cfd4e6ec610088"},"breadcrumb":{"@id":"https:\/\/www.blaudental.de\/naeher-am-kunden-gruendung-der-neuen-nsk-schweiz-ag\/#breadcrumb"},"inLanguage":"de","potentialAction":[{"@type":"ReadAction","target":["https:\/\/www.blaudental.de\/naeher-am-kunden-gruendung-der-neuen-nsk-schweiz-ag\/"]}]},{"@type":"ImageObject","inLanguage":"de","@id":"https:\/\/www.blaudental.de\/naeher-am-kunden-gruendung-der-neuen-nsk-schweiz-ag\/#primaryimage","url":"https:\/\/www.blaudental.de\/wp-content\/uploads\/2026\/04\/E_Nakanishi_M_Vranjik-scaled.jpg","contentUrl":"https:\/\/www.blaudental.de\/wp-content\/uploads\/2026\/04\/E_Nakanishi_M_Vranjik-scaled.jpg","width":1920,"height":2560},{"@type":"BreadcrumbList","@id":"https:\/\/www.blaudental.de\/naeher-am-kunden-gruendung-der-neuen-nsk-schweiz-ag\/#breadcrumb","itemListElement":[{"@type":"ListItem","position":1,"name":"Startseite","item":"https:\/\/www.blaudental.de\/"},{"@type":"ListItem","position":2,"name":"N\u00e4her am Kunden: Gr\u00fcndung der neuen NSK Schweiz AG"}]},{"@type":"WebSite","@id":"https:\/\/www.blaudental.de\/#website","url":"https:\/\/www.blaudental.de\/","name":"blaudental","description":"Die Verkaufs- und Vermittlungsplattform rund um den Zahn","potentialAction":[{"@type":"SearchAction","target":{"@type":"EntryPoint","urlTemplate":"https:\/\/www.blaudental.de\/?s={search_term_string}"},"query-input":{"@type":"PropertyValueSpecification","valueRequired":true,"valueName":"search_term_string"}}],"inLanguage":"de"},{"@type":"Person","@id":"https:\/\/www.blaudental.de\/#\/schema\/person\/7baeb517b5b8c11761cfd4e6ec610088","name":"Tobias R\u00fccker","image":{"@type":"ImageObject","inLanguage":"de","@id":"https:\/\/secure.gravatar.com\/avatar\/9ecff3ca6ed1cca715dc07801699fd39c49ddf7df2596b6e7e922a2b14c9e98c?s=96&d=mm&r=g","url":"https:\/\/secure.gravatar.com\/avatar\/9ecff3ca6ed1cca715dc07801699fd39c49ddf7df2596b6e7e922a2b14c9e98c?s=96&d=mm&r=g","contentUrl":"https:\/\/secure.gravatar.com\/avatar\/9ecff3ca6ed1cca715dc07801699fd39c49ddf7df2596b6e7e922a2b14c9e98c?s=96&d=mm&r=g","caption":"Tobias R\u00fccker"},"sameAs":["https:\/\/www.blaudental.de"],"url":"https:\/\/www.blaudental.de\/author\/tobias-ruecker\/"}]}},"_links":{"self":[{"href":"https:\/\/www.blaudental.de\/api\/wp\/v2\/posts\/343802","targetHints":{"allow":["GET"]}}],"collection":[{"href":"https:\/\/www.blaudental.de\/api\/wp\/v2\/posts"}],"about":[{"href":"https:\/\/www.blaudental.de\/api\/wp\/v2\/types\/post"}],"author":[{"embeddable":true,"href":"https:\/\/www.blaudental.de\/api\/wp\/v2\/users\/3"}],"replies":[{"embeddable":true,"href":"https:\/\/www.blaudental.de\/api\/wp\/v2\/comments?post=343802"}],"version-history":[{"count":0,"href":"https:\/\/www.blaudental.de\/api\/wp\/v2\/posts\/343802\/revisions"}],"wp:attachment":[{"href":"https:\/\/www.blaudental.de\/api\/wp\/v2\/media?parent=343802"}],"wp:term":[{"taxonomy":"category","embeddable":true,"href":"https:\/\/www.blaudental.de\/api\/wp\/v2\/categories?post=343802"},{"taxonomy":"post_tag","embeddable":true,"href":"https:\/\/www.blaudental.de\/api\/wp\/v2\/tags?post=343802"}],"curies":[{"name":"wp","href":"https:\/\/api.w.org\/{rel}","templated":true}]}}